{"id":324,"date":"2026-08-28T14:36:50","date_gmt":"2026-08-28T17:36:50","guid":{"rendered":"https:\/\/www.tecformeva.com.br\/blog\/?p=324"},"modified":"2026-08-28T14:41:11","modified_gmt":"2026-08-28T17:41:11","slug":"brindes-corporativos-personalizados","status":"publish","type":"post","link":"https:\/\/www.tecformeva.com.br\/blog\/brindes-corporativos-personalizados\/","title":{"rendered":"Brindes corporativos personalizados para empresas e eventos"},"content":{"rendered":"<span class=\"rt-reading-time\" style=\"display: block;\"><span class=\"rt-label rt-prefix\">Tempo de leitura:<\/span> <span class=\"rt-time\">9<\/span> <span class=\"rt-label rt-postfix\">minutos<\/span><\/span>\n<p class=\"wp-block-paragraph\"><strong><em>Brindes corporativos personalizados para empresas e eventos, com op\u00e7\u00f5es em EVA, design exclusivo e fabrica\u00e7\u00e3o sob medida para cada projeto<\/em><\/strong>.<\/p>\n\n\n\n<p class=\"wp-block-paragraph\">Os <strong>brindes corporativos personalizados<\/strong> ocupam um espa\u00e7o importante nas a\u00e7\u00f5es de empresas que desejam entregar algo \u00fatil, bem apresentado e diretamente ligado \u00e0 sua identidade. Em feiras, conven\u00e7\u00f5es, lan\u00e7amentos ou a\u00e7\u00f5es internas, a escolha do item interfere na experi\u00eancia de quem o recebe.<\/p>\n\n\n\n<p class=\"wp-block-paragraph\">Um brinde que realmente tem utilidade tende a continuar circulando depois do evento. Ele pode acompanhar o cliente no trabalho, em viagens ou na rotina pessoal, mantendo a empresa presente de uma forma discreta e funcional.<\/p>\n\n\n\n<p class=\"wp-block-paragraph\">\u00c9 justamente por isso que formato, material, acabamento e personaliza\u00e7\u00e3o merecem aten\u00e7\u00e3o. Para neg\u00f3cios que querem fugir de produtos comuns, solu\u00e7\u00f5es desenvolvidas em EVA abrem possibilidades interessantes de design e aplica\u00e7\u00e3o.<\/p>\n\n\n\n<div id=\"ez-toc-container\" class=\"ez-toc-v2_0_81 counter-hierarchy ez-toc-counter ez-toc-white ez-toc-container-direction\">\n<div class=\"ez-toc-title-container\">\n<p class=\"ez-toc-title\" style=\"cursor:inherit\">Lista de T\u00f3picos:<\/p>\n<span class=\"ez-toc-title-toggle\"><a href=\"#\" class=\"ez-toc-pull-right ez-toc-btn ez-toc-btn-xs ez-toc-btn-default ez-toc-toggle\" aria-label=\"Alternar tabela de conte\u00fado\"><span class=\"ez-toc-js-icon-con\"><span class=\"\"><span class=\"eztoc-hide\" style=\"display:none;\">Toggle<\/span><span class=\"ez-toc-icon-toggle-span\"><svg style=\"fill: #999;color:#999\" xmlns=\"http:\/\/www.w3.org\/2000\/svg\" class=\"list-377408\" width=\"20px\" height=\"20px\" viewBox=\"0 0 24 24\" fill=\"none\"><path d=\"M6 6H4v2h2V6zm14 0H8v2h12V6zM4 11h2v2H4v-2zm16 0H8v2h12v-2zM4 16h2v2H4v-2zm16 0H8v2h12v-2z\" fill=\"currentColor\"><\/path><\/svg><svg style=\"fill: #999;color:#999\" class=\"arrow-unsorted-368013\" xmlns=\"http:\/\/www.w3.org\/2000\/svg\" width=\"10px\" height=\"10px\" viewBox=\"0 0 24 24\" version=\"1.2\" baseProfile=\"tiny\"><path d=\"M18.2 9.3l-6.2-6.3-6.2 6.3c-.2.2-.3.4-.3.7s.1.5.3.7c.2.2.4.3.7.3h11c.3 0 .5-.1.7-.3.2-.2.3-.5.3-.7s-.1-.5-.3-.7zM5.8 14.7l6.2 6.3 6.2-6.3c.2-.2.3-.5.3-.7s-.1-.5-.3-.7c-.2-.2-.4-.3-.7-.3h-11c-.3 0-.5.1-.7.3-.2.2-.3.5-.3.7s.1.5.3.7z\"\/><\/svg><\/span><\/span><\/span><\/a><\/span><\/div>\n<nav><ul class='ez-toc-list ez-toc-list-level-1 ' ><li class='ez-toc-page-1 ez-toc-heading-level-2'><a class=\"ez-toc-link ez-toc-heading-1\" href=\"https:\/\/www.tecformeva.com.br\/blog\/brindes-corporativos-personalizados\/#Por_que_investir_em_brindes_corporativos_personalizados\" >Por que investir em brindes corporativos personalizados?<\/a><\/li><li class='ez-toc-page-1 ez-toc-heading-level-2'><a class=\"ez-toc-link ez-toc-heading-2\" href=\"https:\/\/www.tecformeva.com.br\/blog\/brindes-corporativos-personalizados\/#Brindes_personalizados_para_empresas_podem_ter_varias_funcoes\" >Brindes personalizados para empresas podem ter v\u00e1rias fun\u00e7\u00f5es<\/a><ul class='ez-toc-list-level-3' ><li class='ez-toc-heading-level-3'><a class=\"ez-toc-link ez-toc-heading-3\" href=\"https:\/\/www.tecformeva.com.br\/blog\/brindes-corporativos-personalizados\/#Onde_os_brindes_corporativos_podem_ser_utilizados\" >Onde os brindes corporativos podem ser utilizados?<\/a><\/li><\/ul><\/li><li class='ez-toc-page-1 ez-toc-heading-level-2'><a class=\"ez-toc-link ez-toc-heading-4\" href=\"https:\/\/www.tecformeva.com.br\/blog\/brindes-corporativos-personalizados\/#Brindes_corporativos_personalizados_em_EVA\" >Brindes corporativos personalizados em EVA<\/a><ul class='ez-toc-list-level-3' ><li class='ez-toc-heading-level-3'><a class=\"ez-toc-link ez-toc-heading-5\" href=\"https:\/\/www.tecformeva.com.br\/blog\/brindes-corporativos-personalizados\/#Cases_personalizados_para_protecao_e_apresentacao\" >Cases personalizados para prote\u00e7\u00e3o e apresenta\u00e7\u00e3o<\/a><\/li><li class='ez-toc-page-1 ez-toc-heading-level-3'><a class=\"ez-toc-link ez-toc-heading-6\" href=\"https:\/\/www.tecformeva.com.br\/blog\/brindes-corporativos-personalizados\/#Necessaires_maletas_e_frasqueiras_personalizadas\" >Necessaires, maletas e frasqueiras personalizadas<\/a><\/li><\/ul><\/li><li class='ez-toc-page-1 ez-toc-heading-level-2'><a class=\"ez-toc-link ez-toc-heading-7\" href=\"https:\/\/www.tecformeva.com.br\/blog\/brindes-corporativos-personalizados\/#Como_escolher_brindes_corporativos_para_eventos\" >Como escolher brindes corporativos para eventos?<\/a><ul class='ez-toc-list-level-3' ><li class='ez-toc-heading-level-3'><a class=\"ez-toc-link ez-toc-heading-8\" href=\"https:\/\/www.tecformeva.com.br\/blog\/brindes-corporativos-personalizados\/#O_que_avaliar_antes_de_solicitar_a_producao\" >O que avaliar antes de solicitar a produ\u00e7\u00e3o?<\/a><\/li><\/ul><\/li><li class='ez-toc-page-1 ez-toc-heading-level-2'><a class=\"ez-toc-link ez-toc-heading-9\" href=\"https:\/\/www.tecformeva.com.br\/blog\/brindes-corporativos-personalizados\/#Tecform_brindes_personalizados_desenvolvidos_para_cada_projeto\" >Tecform: brindes personalizados desenvolvidos para cada projeto<\/a><\/li><li class='ez-toc-page-1 ez-toc-heading-level-2'><a class=\"ez-toc-link ez-toc-heading-10\" href=\"https:\/\/www.tecformeva.com.br\/blog\/brindes-corporativos-personalizados\/#Brindes_corporativos_personalizados_que_representam_sua_empresa\" >Brindes corporativos personalizados que representam sua empresa<\/a><\/li><\/ul><\/nav><\/div>\n<h2 class=\"wp-block-heading\"><span class=\"ez-toc-section\" id=\"Por_que_investir_em_brindes_corporativos_personalizados\"><\/span><strong>Por que investir em brindes corporativos personalizados?<\/strong><span class=\"ez-toc-section-end\"><\/span><\/h2>\n\n\n\n<p class=\"wp-block-paragraph\">Os <strong>brindes corporativos personalizados<\/strong> permitem que a empresa escolha um produto coerente com o p\u00fablico, a ocasi\u00e3o e a mensagem que pretende transmitir. Essa liberdade torna a entrega mais relevante do que simplesmente distribuir um objeto com uma logomarca impressa.<\/p>\n\n\n\n<p class=\"wp-block-paragraph\">A utilidade pesa bastante nessa escolha. Uma <a href=\"https:\/\/www.ppai.org\/media-hub\/new-ppai-research-shows-why-consumers-take-and-keep-promo-products\/\">pesquisa da Promotional Products Association International<\/a>, a PPAI, apontou que <strong>a utilidade \u00e9 o principal motivo para as pessoas manterem produtos promocionais recebidos de marcas<\/strong>.<a href=\"https:\/\/www.ppai.org\/media-hub\/new-ppai-research-shows-why-consumers-take-and-keep-promo-products\/?utm_source=chatgpt.com\">&nbsp;<\/a><\/p>\n\n\n\n<p class=\"wp-block-paragraph\">Isso ajuda a explicar por que cases, necessaires, estojos, maletas e acess\u00f3rios costumam funcionar bem nesse contexto. S\u00e3o itens que podem continuar sendo usados depois de uma conven\u00e7\u00e3o, treinamento, a\u00e7\u00e3o promocional ou entrega para colaboradores.<\/p>\n\n\n\n<p class=\"wp-block-paragraph\"><strong>Quanto mais sentido o produto fizer para a rotina de quem o recebe, maior tende a ser seu valor percebido.<\/strong> Por isso, definir o brinde a partir do perfil do p\u00fablico \u00e9 uma decis\u00e3o que merece vir antes da escolha de cores, estampas ou outros detalhes visuais.<\/p>\n\n\n\n<ul class=\"wp-block-list\">\n<li><a href=\"https:\/\/www.tecformeva.com.br\/blog\/fabricante-de-brindes-personalizados-como-escolher-o-fornecedor-ideal\/\">Fabricante de brindes personalizados: como escolher o fornecedor Ideal<\/a><\/li>\n<\/ul>\n\n\n\n<h2 class=\"wp-block-heading\"><span class=\"ez-toc-section\" id=\"Brindes_personalizados_para_empresas_podem_ter_varias_funcoes\"><\/span><strong>Brindes personalizados para empresas podem ter v\u00e1rias fun\u00e7\u00f5es<\/strong><span class=\"ez-toc-section-end\"><\/span><\/h2>\n\n\n\n<p class=\"wp-block-paragraph\">Dentro de uma empresa, os brindes podem aparecer em momentos bastante diferentes. H\u00e1 projetos criados para clientes estrat\u00e9gicos, equipes internas, fornecedores, participantes de eventos e pessoas que est\u00e3o tendo o primeiro contato com a marca.<\/p>\n\n\n\n<p class=\"wp-block-paragraph\">Em uma a\u00e7\u00e3o de relacionamento, por exemplo, uma necessaire personalizada pode acompanhar um kit especial. J\u00e1 em uma apresenta\u00e7\u00e3o comercial, um case desenvolvido sob medida pode acomodar produtos, amostras, materiais t\u00e9cnicos ou acess\u00f3rios que precisam chegar organizados ao destinat\u00e1rio.<\/p>\n\n\n\n<p class=\"wp-block-paragraph\">Tamb\u00e9m existem situa\u00e7\u00f5es em que o pr\u00f3prio brinde faz parte da experi\u00eancia de apresenta\u00e7\u00e3o da empresa. Uma embalagem estruturada e personalizada gera uma percep\u00e7\u00e3o diferente daquela provocada por um item padronizado escolhido apenas pela disponibilidade imediata.<\/p>\n\n\n\n<p class=\"wp-block-paragraph\"><strong>O projeto ganha for\u00e7a quando existe coer\u00eancia entre produto, p\u00fablico e ocasi\u00e3o.<\/strong> Essa l\u00f3gica ajuda empresas a criarem brindes mais adequados para eventos corporativos, lan\u00e7amentos, conven\u00e7\u00f5es, a\u00e7\u00f5es promocionais e iniciativas de relacionamento.<\/p>\n\n\n\n<h3 class=\"wp-block-heading\"><span class=\"ez-toc-section\" id=\"Onde_os_brindes_corporativos_podem_ser_utilizados\"><\/span><strong>Onde os brindes corporativos podem ser utilizados?<\/strong><span class=\"ez-toc-section-end\"><\/span><\/h3>\n\n\n\n<p class=\"wp-block-paragraph\">As possibilidades dependem do perfil de cada neg\u00f3cio e do objetivo da a\u00e7\u00e3o. Entre as aplica\u00e7\u00f5es mais comuns est\u00e3o:<\/p>\n\n\n\n<ul class=\"wp-block-list\">\n<li>feiras, congressos e eventos corporativos;<\/li>\n\n\n\n<li>conven\u00e7\u00f5es e encontros de equipes;<\/li>\n\n\n\n<li>kits para colaboradores e clientes;<\/li>\n\n\n\n<li>lan\u00e7amentos de produtos;<\/li>\n\n\n\n<li>a\u00e7\u00f5es promocionais;<\/li>\n\n\n\n<li>apresenta\u00e7\u00f5es de amostras e materiais;<\/li>\n\n\n\n<li>presentes institucionais para parceiros.<\/li>\n<\/ul>\n\n\n\n<p class=\"wp-block-paragraph\">A defini\u00e7\u00e3o do uso tamb\u00e9m interfere diretamente no desenvolvimento. Um produto destinado a transportar equipamentos, por exemplo, exige caracter\u00edsticas diferentes de uma necessaire criada para acompanhar um kit corporativo.<\/p>\n\n\n\n<p class=\"wp-block-paragraph\">Em eventos, outro ponto relevante \u00e9 pensar no que acontece depois da entrega. Segundo pesquisa da <a href=\"https:\/\/www.ppai.org\/\">PPAI<\/a>, <strong>61% dos consumidores entrevistados lembravam claramente da marca relacionada ao \u00faltimo produto promocional que receberam<\/strong>, refor\u00e7ando o papel da identidade visual e da utilidade na lembran\u00e7a.<\/p>\n\n\n\n<p class=\"wp-block-paragraph\">Por isso, vale olhar para o brinde como um produto completo. Formato, estrutura, fechamento, cores, espa\u00e7o interno e aplica\u00e7\u00e3o da identidade da empresa precisam conversar entre si.<\/p>\n\n\n\n<ul class=\"wp-block-list\">\n<li><a href=\"https:\/\/www.tecformeva.com.br\/blog\/fabrica-de-brindes-personalizados-beneficios\/\">F\u00e1brica de brindes personalizados: Qual a melhor op\u00e7\u00e3o?<\/a><\/li>\n<\/ul>\n\n\n\n<h2 class=\"wp-block-heading\"><span class=\"ez-toc-section\" id=\"Brindes_corporativos_personalizados_em_EVA\"><\/span><strong>Brindes corporativos personalizados em EVA<\/strong><span class=\"ez-toc-section-end\"><\/span><\/h2>\n\n\n\n<p class=\"wp-block-paragraph\">O EVA oferece caracter\u00edsticas que permitem sua utiliza\u00e7\u00e3o em diversos tipos de produtos personalizados. Dependendo da proposta, ele pode ser empregado em estruturas moldadas para acomodar, proteger, organizar ou transportar diferentes itens.<\/p>\n\n\n\n<p class=\"wp-block-paragraph\">A Tecform trabalha com processos industriais de <strong>termoforma\u00e7\u00e3o em EVA<\/strong>, desenvolvendo solu\u00e7\u00f5es como cases, necessaires, maletas, frasqueiras, acess\u00f3rios para inform\u00e1tica e produtos especiais de acordo com cada aplica\u00e7\u00e3o.<\/p>\n\n\n\n<p class=\"wp-block-paragraph\">Esse processo cria possibilidades de formatos e volumes que v\u00e3o al\u00e9m de um brinde plano ou convencional. <strong>O produto pode ser pensado desde sua estrutura para atender uma necessidade espec\u00edfica do projeto<\/strong>, incluindo o espa\u00e7o destinado aos itens que ser\u00e3o armazenados.<\/p>\n\n\n\n<p class=\"wp-block-paragraph\">Para empresas, isso permite trabalhar com brindes personalizados relacionados a diferentes segmentos, incluindo eventos promocionais, inform\u00e1tica, escolar, esportivo, seguran\u00e7a e moda. O resultado pode ser adaptado de acordo com as exig\u00eancias de cada a\u00e7\u00e3o.<\/p>\n\n\n\n<h3 class=\"wp-block-heading\"><span class=\"ez-toc-section\" id=\"Cases_personalizados_para_protecao_e_apresentacao\"><\/span><strong>Cases personalizados para prote\u00e7\u00e3o e apresenta\u00e7\u00e3o<\/strong><span class=\"ez-toc-section-end\"><\/span><\/h3>\n\n\n\n<p class=\"wp-block-paragraph\">Cases personalizados s\u00e3o particularmente interessantes quando o objeto entregue precisa ficar protegido ou bem acondicionado. Equipamentos, acess\u00f3rios eletr\u00f4nicos, amostras, componentes e kits podem exigir um formato interno pensado especificamente para suas dimens\u00f5es.<\/p>\n\n\n\n<p class=\"wp-block-paragraph\">Nesse tipo de projeto, a personaliza\u00e7\u00e3o n\u00e3o precisa ficar restrita \u00e0 parte visual. A pr\u00f3pria estrutura pode participar da solu\u00e7\u00e3o, oferecendo encaixes ou espa\u00e7os adequados conforme as caracter\u00edsticas do produto que ser\u00e1 transportado.<\/p>\n\n\n\n<p class=\"wp-block-paragraph\">Para empresas que apresentam equipamentos em feiras e visitas comerciais, essa organiza\u00e7\u00e3o tamb\u00e9m influencia a experi\u00eancia. Abrir um case desenvolvido para aquele conjunto de itens transmite uma percep\u00e7\u00e3o diferente daquela gerada por embalagens improvisadas.<\/p>\n\n\n\n<p class=\"wp-block-paragraph\"><strong>Um case corporativo pode funcionar simultaneamente como prote\u00e7\u00e3o, organiza\u00e7\u00e3o e apresenta\u00e7\u00e3o.<\/strong> Essa combina\u00e7\u00e3o amplia as possibilidades de aplica\u00e7\u00e3o em projetos empresariais.<\/p>\n\n\n\n<ul class=\"wp-block-list\">\n<li><a href=\"https:\/\/www.tecformeva.com.br\/blog\/por-que-brindes-personalizados-de-eva-sao-a-chave-para-fortalecer-sua-marca-em-2025\/\">Por que brindes personalizados de EVA s\u00e3o a chave para fortalecer sua marca em 2025<\/a><\/li>\n<\/ul>\n\n\n\n<h3 class=\"wp-block-heading\"><span class=\"ez-toc-section\" id=\"Necessaires_maletas_e_frasqueiras_personalizadas\"><\/span><strong>Necessaires, maletas e frasqueiras personalizadas<\/strong><span class=\"ez-toc-section-end\"><\/span><\/h3>\n\n\n\n<p class=\"wp-block-paragraph\">Necessaires personalizadas s\u00e3o alternativas vers\u00e1teis porque podem acompanhar diferentes tipos de kits. Elas podem fazer parte de a\u00e7\u00f5es institucionais, eventos, viagens corporativas, conven\u00e7\u00f5es ou presentes destinados a p\u00fablicos espec\u00edficos.<\/p>\n\n\n\n<p class=\"wp-block-paragraph\">J\u00e1 as maletas atendem a projetos que pedem maior estrutura para armazenar ou transportar itens. Dependendo da necessidade, dimens\u00f5es e configura\u00e7\u00f5es podem ser definidas considerando aquilo que ficar\u00e1 acomodado em seu interior.<\/p>\n\n\n\n<p class=\"wp-block-paragraph\">As frasqueiras tamb\u00e9m ampliam esse conjunto de possibilidades, especialmente quando a inten\u00e7\u00e3o \u00e9 desenvolver um brinde com uso recorrente. O ponto central \u00e9 avaliar previamente quem receber\u00e1 o produto e em qual situa\u00e7\u00e3o ele dever\u00e1 ser utilizado.<\/p>\n\n\n\n<p class=\"wp-block-paragraph\">A escolha entre esses formatos passa, portanto, pelo contexto. <strong>N\u00e3o existe um \u00fanico brinde ideal para todas as empresas. Existe o produto adequado \u00e0 finalidade, ao p\u00fablico e \u00e0 experi\u00eancia que se pretende criar.<\/strong><\/p>\n\n\n\n<h2 class=\"wp-block-heading\"><span class=\"ez-toc-section\" id=\"Como_escolher_brindes_corporativos_para_eventos\"><\/span><strong>Como escolher brindes corporativos para eventos?<\/strong><span class=\"ez-toc-section-end\"><\/span><\/h2>\n\n\n\n<p class=\"wp-block-paragraph\">O primeiro passo \u00e9 entender o perfil de quem receber\u00e1 o brinde. Visitantes de uma feira de tecnologia podem ter expectativas diferentes dos participantes de uma conven\u00e7\u00e3o esportiva ou dos colaboradores que receber\u00e3o um kit interno.<\/p>\n\n\n\n<p class=\"wp-block-paragraph\">Depois, vale observar a utilidade. Pesquisas da PPAI refor\u00e7am que itens \u00fateis apresentam um potencial relevante de perman\u00eancia na rotina do consumidor. Em estudo publicado em 2025, dois em cada tr\u00eas participantes apontaram a utilidade como principal raz\u00e3o para conservar produtos promocionais.<\/p>\n\n\n\n<p class=\"wp-block-paragraph\">Tamb\u00e9m \u00e9 recomend\u00e1vel considerar o tamanho, a forma de transporte e o contexto da entrega. Um produto muito volumoso pode ser pouco pr\u00e1tico em determinadas feiras, enquanto um item compacto talvez n\u00e3o atenda a um projeto que precise acomodar diferentes componentes.<\/p>\n\n\n\n<p class=\"wp-block-paragraph\">Por fim, <strong>qualidade percebida e identidade visual precisam caminhar juntas<\/strong>. O mesmo levantamento da PPAI mostra que estilo e qualidade tamb\u00e9m pesam na decis\u00e3o de manter um produto promocional, indicando que a experi\u00eancia n\u00e3o depende somente da presen\u00e7a da marca.<\/p>\n\n\n\n<ul class=\"wp-block-list\">\n<li><a href=\"https:\/\/www.tecformeva.com.br\/blog\/cases-personalizadas-vantagens-e-onde-comprar\/\">Cases personalizadas: vantagens e onde comprar<\/a><\/li>\n<\/ul>\n\n\n\n<h3 class=\"wp-block-heading\"><span class=\"ez-toc-section\" id=\"O_que_avaliar_antes_de_solicitar_a_producao\"><\/span><strong>O que avaliar antes de solicitar a produ\u00e7\u00e3o?<\/strong><span class=\"ez-toc-section-end\"><\/span><\/h3>\n\n\n<div class=\"wp-block-image is-style-rounded\">\n<figure class=\"alignright size-full is-resized\"><img loading=\"lazy\" decoding=\"async\" width=\"667\" height=\"1000\" src=\"https:\/\/www.tecformeva.com.br\/blog\/wp-content\/uploads\/2026\/08\/2149250027.jpg\" alt=\"\" class=\"wp-image-325\" style=\"width:334px;height:auto\" srcset=\"https:\/\/www.tecformeva.com.br\/blog\/wp-content\/uploads\/2026\/08\/2149250027.jpg 667w, https:\/\/www.tecformeva.com.br\/blog\/wp-content\/uploads\/2026\/08\/2149250027-200x300.jpg 200w, https:\/\/www.tecformeva.com.br\/blog\/wp-content\/uploads\/2026\/08\/2149250027-40x60.jpg 40w\" sizes=\"auto, (max-width: 667px) 100vw, 667px\" \/><\/figure>\n<\/div>\n\n\n<p class=\"wp-block-paragraph\">Antes de definir o produto, algumas informa\u00e7\u00f5es ajudam a orientar melhor o desenvolvimento:<\/p>\n\n\n\n<ul class=\"wp-block-list\">\n<li>p\u00fablico que receber\u00e1 o brinde;<\/li>\n\n\n\n<li>quantidade necess\u00e1ria;<\/li>\n\n\n\n<li>finalidade da a\u00e7\u00e3o;<\/li>\n\n\n\n<li>itens que dever\u00e3o ser acomodados;<\/li>\n\n\n\n<li>dimens\u00f5es esperadas;<\/li>\n\n\n\n<li>cores e identidade visual;<\/li>\n\n\n\n<li>detalhes desejados para acabamento e personaliza\u00e7\u00e3o.<\/li>\n<\/ul>\n\n\n\n<p class=\"wp-block-paragraph\">Com essas respostas, fica mais f\u00e1cil avaliar qual solu\u00e7\u00e3o atende ao projeto. Em pe\u00e7as moldadas, por exemplo, saber previamente quais objetos ficar\u00e3o dentro do produto ajuda na defini\u00e7\u00e3o da estrutura.<\/p>\n\n\n\n<p class=\"wp-block-paragraph\">Esse planejamento tamb\u00e9m evita escolher um brinde apenas pela apar\u00eancia. A pe\u00e7a precisa funcionar na pr\u00e1tica, principalmente quando for usada para prote\u00e7\u00e3o, transporte ou organiza\u00e7\u00e3o.<\/p>\n\n\n\n<p class=\"wp-block-paragraph\"><strong>Quanto mais claro estiver o objetivo da a\u00e7\u00e3o, mais coerente pode ser o desenvolvimento do produto personalizado.<\/strong> Esse cuidado tamb\u00e9m facilita a comunica\u00e7\u00e3o entre empresa e fabricante durante o projeto.<\/p>\n\n\n\n<h2 class=\"wp-block-heading\"><span class=\"ez-toc-section\" id=\"Tecform_brindes_personalizados_desenvolvidos_para_cada_projeto\"><\/span><strong>Tecform: brindes personalizados desenvolvidos para cada projeto<\/strong><span class=\"ez-toc-section-end\"><\/span><\/h2>\n\n\n\n<p class=\"wp-block-paragraph\">A <a href=\"https:\/\/www.tecformeva.com.br\/sobre-a-empresa\">Tecform<\/a> atua h\u00e1 mais de 10 anos na fabrica\u00e7\u00e3o de produtos obtidos a partir de processos industriais de termoforma\u00e7\u00e3o em EVA. Sua produ\u00e7\u00e3o inclui cases, necessaires, maletas, frasqueiras, acess\u00f3rios para inform\u00e1tica e outras solu\u00e7\u00f5es personalizadas.<\/p>\n\n\n\n<p class=\"wp-block-paragraph\">A experi\u00eancia com diferentes aplica\u00e7\u00f5es permite atender projetos destinados a eventos promocionais e aos setores de inform\u00e1tica, escolar, esportivo, seguran\u00e7a, moda, entre outros.<\/p>\n\n\n\n<p class=\"wp-block-paragraph\">Para empresas que precisam de algo diferente dos brindes convencionais encontrados prontos no mercado, a fabrica\u00e7\u00e3o personalizada possibilita desenvolver uma solu\u00e7\u00e3o mais alinhada ao projeto e \u00e0 identidade desejada.<\/p>\n\n\n\n<p class=\"wp-block-paragraph\"><strong>Design, aplica\u00e7\u00e3o, prote\u00e7\u00e3o e apresenta\u00e7\u00e3o podem ser considerados desde o desenvolvimento da pe\u00e7a.<\/strong> Dessa forma, o brinde deixa de ser escolhido apenas por cat\u00e1logo e passa a responder \u00e0s caracter\u00edsticas reais da a\u00e7\u00e3o.<\/p>\n\n\n\n<h2 class=\"wp-block-heading\"><span class=\"ez-toc-section\" id=\"Brindes_corporativos_personalizados_que_representam_sua_empresa\"><\/span><strong>Brindes corporativos personalizados que representam sua empresa<\/strong><span class=\"ez-toc-section-end\"><\/span><\/h2>\n\n\n\n<p class=\"wp-block-paragraph\">Escolher <strong>brindes corporativos personalizados<\/strong> envolve pensar no que acontecer\u00e1 com aquele produto depois que ele chegar \u00e0s m\u00e3os do cliente, colaborador ou participante do evento. Quanto mais \u00fatil e adequado \u00e0 rotina, maiores s\u00e3o as chances de continuar sendo utilizado.<\/p>\n\n\n\n<p class=\"wp-block-paragraph\">Em projetos corporativos, detalhes fazem diferen\u00e7a. Um case desenvolvido para acomodar corretamente um equipamento ou uma necessaire pensada para determinado kit transmite cuidado j\u00e1 no primeiro contato.<\/p>\n\n\n\n<p class=\"wp-block-paragraph\">Produtos personalizados em EVA permitem explorar diferentes formatos, aplica\u00e7\u00f5es e estruturas, criando alternativas para empresas que procuram solu\u00e7\u00f5es pr\u00f3prias para eventos, a\u00e7\u00f5es promocionais ou relacionamento corporativo.<\/p>\n\n\n\n<p class=\"wp-block-paragraph\">A Tecform re\u00fane experi\u00eancia em termoforma\u00e7\u00e3o em EVA e desenvolvimento de produtos personalizados para transformar necessidades espec\u00edficas em projetos industriais. <strong>Se sua empresa procura um brinde funcional, personalizado e desenvolvido de acordo com a aplica\u00e7\u00e3o, converse com a equipe da Tecform e apresente sua ideia.<\/strong><\/p>\n\n\n\n<p class=\"wp-block-paragraph\"><strong>Quer desenvolver brindes corporativos personalizados para sua empresa ou pr\u00f3ximo evento?<\/strong> <a href=\"https:\/\/www.tecformeva.com.br\/contato\">Entre em contato com a Tecform, informe as caracter\u00edsticas do projeto e conhe\u00e7a as possibilidades<\/a> de <a href=\"https:\/\/www.tecformeva.com.br\/produtos\">cases, necessaires, maletas, frasqueiras e outras solu\u00e7\u00f5es personalizadas em EVA.<\/a><\/p>\n","protected":false},"excerpt":{"rendered":"<p><span class=\"rt-reading-time\" style=\"display: block;\"><span class=\"rt-label rt-prefix\">Tempo de leitura:<\/span> <span class=\"rt-time\">9<\/span> <span class=\"rt-label rt-postfix\">minutos<\/span><\/span> Brindes corporativos personalizados para empresas e eventos, com op\u00e7\u00f5es em EVA, design exclusivo e fabrica\u00e7\u00e3o sob medida para cada projeto. Os brindes corporativos personalizados ocupam um espa\u00e7o importante nas a\u00e7\u00f5es de empresas que desejam entregar algo \u00fatil, bem apresentado e diretamente ligado \u00e0 sua identidade. Em feiras, conven\u00e7\u00f5es, lan\u00e7amentos ou a\u00e7\u00f5es internas, a escolha do &hellip; <\/p>\n","protected":false},"author":1,"featured_media":326,"comment_status":"open","ping_status":"open","sticky":false,"template":"","format":"standard","meta":{"footnotes":""},"categories":[172],"tags":[1639,3896,2194,3927,3947,3934,3943,3951,3948,3944,3945,3946,3930,3929,3949,3952,3953,3938,3940,3933,3941,3937,3935,3942,3955,3939,3954,3950,3936,3926,3931,3928,3932,3961,3981,3968,3977,3985,3982,3978,3979,3980,3964,3963,3983,3986,3987,3972,3974,3967,3975,3971,3969,3976,3989,3973,3988,3984,3970,3960,3898,3965,3962,3966,3899,3904,3901,3903,3897,3895,3906,1666,2657,3915,3907,3916,3908,3913,3914,3922,3956,3923,3957,3924,3958,188,3902,3925,3959,751,1614,1662,3918,3910,3921,3919,3912,1551,3911,3920,3917,3909,3905],"class_list":["post-324","post","type-post","status-publish","format-standard","has-post-thumbnail","hentry","category-brindes-personalizados","tag-brindes-corporativos-exclusivos","tag-brindes-corporativos-para-eventos","tag-brindes-corporativos-personalizados","tag-brindes-corporativos-personalizados-comprar","tag-brindes-corporativos-personalizados-em-diadema","tag-brindes-corporativos-personalizados-em-guaiauna","tag-brindes-corporativos-personalizados-em-guarulhos","tag-brindes-corporativos-personalizados-em-maua","tag-brindes-corporativos-personalizados-em-osasco","tag-brindes-corporativos-personalizados-em-santo-andre","tag-brindes-corporativos-personalizados-em-sao-bernardo","tag-brindes-corporativos-personalizados-em-sao-caetano","tag-brindes-corporativos-personalizados-em-sao-paulo","tag-brindes-corporativos-personalizados-em-sp","tag-brindes-corporativos-personalizados-na-baixada-santista","tag-brindes-corporativos-personalizados-na-grande-sao-paulo","tag-brindes-corporativos-personalizados-na-regiao-metropolitana","tag-brindes-corporativos-personalizados-na-vila-carrao","tag-brindes-corporativos-personalizados-na-vila-matilde","tag-brindes-corporativos-personalizados-na-zona-leste","tag-brindes-corporativos-personalizados-na-zona-norte","tag-brindes-corporativos-personalizados-na-zona-oeste","tag-brindes-corporativos-personalizados-na-zona-sul","tag-brindes-corporativos-personalizados-no-abc","tag-brindes-corporativos-personalizados-no-abcd","tag-brindes-corporativos-personalizados-no-centro","tag-brindes-corporativos-personalizados-no-grande-abc","tag-brindes-corporativos-personalizados-no-litoral-paulista","tag-brindes-corporativos-personalizados-no-tatuape","tag-brindes-corporativos-personalizados-onde-encontrar","tag-brindes-corporativos-personalizados-perto-de-mim","tag-brindes-corporativos-personalizados-preco","tag-brindes-corporativos-personalizados-proximo-a-mim","tag-brindes-em-eva-comprar","tag-brindes-em-eva-em-diadema","tag-brindes-em-eva-em-guaiauna","tag-brindes-em-eva-em-guarulhos","tag-brindes-em-eva-em-maua","tag-brindes-em-eva-em-osasco","tag-brindes-em-eva-em-santo-andre","tag-brindes-em-eva-em-sao-bernardo","tag-brindes-em-eva-em-sao-caetano","tag-brindes-em-eva-em-sao-paulo","tag-brindes-em-eva-em-sp","tag-brindes-em-eva-na-baixada-santista","tag-brindes-em-eva-na-grande-sao-paulo","tag-brindes-em-eva-na-regiao-metropolitana","tag-brindes-em-eva-na-vila-carrao","tag-brindes-em-eva-na-vila-matilde","tag-brindes-em-eva-na-zona-leste","tag-brindes-em-eva-na-zona-norte","tag-brindes-em-eva-na-zona-oeste","tag-brindes-em-eva-na-zona-sul","tag-brindes-em-eva-no-abc","tag-brindes-em-eva-no-abcd","tag-brindes-em-eva-no-centro","tag-brindes-em-eva-no-grande-abc","tag-brindes-em-eva-no-litoral-paulista","tag-brindes-em-eva-no-tatuape","tag-brindes-em-eva-onde-encontrar","tag-brindes-em-eva-personalizados","tag-brindes-em-eva-perto-de-mim","tag-brindes-em-eva-preco","tag-brindes-em-eva-proximo-a-mim","tag-brindes-empresariais-personalizados","tag-brindes-para-congressos-empresariais","tag-brindes-para-convencoes-de-empresas","tag-brindes-para-feiras-corporativas","tag-brindes-personalizados-para-empresas","tag-brindes-personalizados-para-eventos","tag-brindes-personalizados-sob-medida","tag-cases-corporativos-personalizados","tag-cases-personalizados-em-eva","tag-como-criar-brindes-personalizados-para-eventos","tag-como-escolher-brindes-corporativos-personalizados","tag-como-escolher-brindes-para-feiras-e-congressos","tag-como-personalizar-brindes-para-empresas","tag-como-sao-produzidos-cases-em-eva","tag-como-solicitar-brindes-personalizados-sob-medida","tag-empresa-de-brindes-corporativos-personalizados","tag-empresa-de-brindes-em-eva","tag-fabrica-de-brindes-corporativos-personalizados","tag-fabrica-de-brindes-em-eva","tag-fabricante-de-brindes-corporativos-personalizados","tag-fabricante-de-brindes-em-eva","tag-fabricante-de-brindes-personalizados","tag-fabricante-de-produtos-em-eva","tag-fornecedor-de-brindes-corporativos-personalizados","tag-fornecedor-de-brindes-em-eva","tag-frasqueiras-personalizadas","tag-maletas-personalizadas-para-empresas","tag-necessaires-personalizadas-para-empresas","tag-o-que-sao-brindes-personalizados-em-eva","tag-onde-comprar-brindes-corporativos-personalizados","tag-onde-fabricar-cases-personalizados-em-eva","tag-onde-fabricar-necessaires-personalizadas-para-empresas","tag-por-que-investir-em-brindes-corporativos-personalizados","tag-produtos-personalizados-em-eva","tag-quais-brindes-distribuir-em-eventos-corporativos","tag-quais-brindes-personalizados-sao-mais-uteis","tag-quais-empresas-usam-brindes-corporativos-personalizados","tag-quais-sao-os-melhores-brindes-personalizados-para-empresas","tag-termoformacao-em-eva","latest_post"],"yoast_head":"<!-- This site is optimized with the Yoast SEO plugin v27.2 - https:\/\/yoast.com\/product\/yoast-seo-wordpress\/ -->\n<title>Brindes corporativos personalizados para empresas e eventos - Tecform<\/title>\n<meta name=\"description\" content=\"Brindes corporativos personalizados para empresas e eventos, com op\u00e7\u00f5es em EVA, design exclusivo e fabrica\u00e7\u00e3o sob medida para cada projeto.\" \/>\n<meta name=\"robots\" content=\"index, follow, max-snippet:-1, max-image-preview:large, max-video-preview:-1\" \/>\n<link rel=\"canonical\" href=\"https:\/\/www.tecformeva.com.br\/blog\/brindes-corporativos-personalizados\/\" \/>\n<meta property=\"og:locale\" content=\"pt_BR\" \/>\n<meta property=\"og:type\" content=\"article\" \/>\n<meta property=\"og:title\" content=\"Brindes corporativos personalizados para empresas e eventos - Tecform\" \/>\n<meta property=\"og:description\" content=\"Brindes corporativos personalizados para empresas e eventos, com op\u00e7\u00f5es em EVA, design exclusivo e fabrica\u00e7\u00e3o sob medida para cada projeto.\" \/>\n<meta property=\"og:url\" content=\"https:\/\/www.tecformeva.com.br\/blog\/brindes-corporativos-personalizados\/\" \/>\n<meta property=\"og:site_name\" content=\"Tecform\" \/>\n<meta property=\"article:published_time\" content=\"2026-08-28T17:36:50+00:00\" \/>\n<meta property=\"article:modified_time\" content=\"2026-08-28T17:41:11+00:00\" \/>\n<meta property=\"og:image\" content=\"https:\/\/www.tecformeva.com.br\/blog\/wp-content\/uploads\/2026\/08\/ChatGPT-Image-28-de-ago.-de-2026-14_29_15.png\" \/>\n\t<meta property=\"og:image:width\" content=\"1672\" \/>\n\t<meta property=\"og:image:height\" content=\"941\" \/>\n\t<meta property=\"og:image:type\" content=\"image\/png\" \/>\n<meta name=\"author\" content=\"admin\" \/>\n<meta name=\"twitter:card\" content=\"summary_large_image\" \/>\n<meta name=\"twitter:label1\" content=\"Escrito por\" \/>\n\t<meta name=\"twitter:data1\" content=\"admin\" \/>\n\t<meta name=\"twitter:label2\" content=\"Est. tempo de leitura\" \/>\n\t<meta name=\"twitter:data2\" content=\"10 minutos\" \/>\n<script type=\"application\/ld+json\" class=\"yoast-schema-graph\">{\"@context\":\"https:\/\/schema.org\",\"@graph\":[{\"@type\":\"Article\",\"@id\":\"https:\/\/www.tecformeva.com.br\/blog\/brindes-corporativos-personalizados\/#article\",\"isPartOf\":{\"@id\":\"https:\/\/www.tecformeva.com.br\/blog\/brindes-corporativos-personalizados\/\"},\"author\":{\"name\":\"admin\",\"@id\":\"https:\/\/www.tecformeva.com.br\/blog\/#\/schema\/person\/0467ce5788c48b1855d1d60c10bc8072\"},\"headline\":\"Brindes corporativos personalizados para empresas e eventos\",\"datePublished\":\"2026-08-28T17:36:50+00:00\",\"dateModified\":\"2026-08-28T17:41:11+00:00\",\"mainEntityOfPage\":{\"@id\":\"https:\/\/www.tecformeva.com.br\/blog\/brindes-corporativos-personalizados\/\"},\"wordCount\":1819,\"commentCount\":0,\"publisher\":{\"@id\":\"https:\/\/www.tecformeva.com.br\/blog\/#organization\"},\"image\":{\"@id\":\"https:\/\/www.tecformeva.com.br\/blog\/brindes-corporativos-personalizados\/#primaryimage\"},\"thumbnailUrl\":\"https:\/\/www.tecformeva.com.br\/blog\/wp-content\/uploads\/2026\/08\/ChatGPT-Image-28-de-ago.-de-2026-14_29_15.png\",\"keywords\":[\"brindes corporativos exclusivos\",\"brindes corporativos para eventos\",\"brindes corporativos personalizados\",\"brindes corporativos personalizados comprar\",\"brindes corporativos personalizados em Diadema\",\"brindes corporativos personalizados em Guaiauna\",\"brindes corporativos personalizados em Guarulhos\",\"brindes corporativos personalizados em Mau\u00e1\",\"brindes corporativos personalizados em Osasco\",\"brindes corporativos personalizados em Santo Andr\u00e9\",\"brindes corporativos personalizados em S\u00e3o Bernardo\",\"brindes corporativos personalizados em S\u00e3o Caetano\",\"brindes corporativos personalizados em s\u00e3o paulo\",\"brindes corporativos personalizados em sp\",\"brindes corporativos personalizados na baixada santista\",\"brindes corporativos personalizados na grande S\u00e3o Paulo\",\"brindes corporativos personalizados na Regi\u00e3o Metropolitana\",\"brindes corporativos personalizados na Vila Carr\u00e3o\",\"brindes corporativos personalizados na Vila Matilde\",\"brindes corporativos personalizados na zona leste\",\"brindes corporativos personalizados na zona norte\",\"brindes corporativos personalizados na zona oeste\",\"brindes corporativos personalizados na zona sul\",\"brindes corporativos personalizados no ABC\",\"brindes corporativos personalizados no ABCD\",\"brindes corporativos personalizados no centro\",\"brindes corporativos personalizados no grande ABC\",\"brindes corporativos personalizados no litoral paulista\",\"brindes corporativos personalizados no Tatuap\u00e9\",\"brindes corporativos personalizados onde encontrar\",\"brindes corporativos personalizados perto de mim\",\"brindes corporativos personalizados pre\u00e7o\",\"brindes corporativos personalizados pr\u00f3ximo a mim\",\"brindes em EVA comprar\",\"brindes em EVA em Diadema\",\"brindes em EVA em Guaiauna\",\"brindes em EVA em Guarulhos\",\"brindes em EVA em Mau\u00e1\",\"brindes em EVA em Osasco\",\"brindes em EVA em Santo Andr\u00e9\",\"brindes em EVA em S\u00e3o Bernardo\",\"brindes em EVA em S\u00e3o Caetano\",\"brindes em EVA em s\u00e3o paulo\",\"brindes em EVA em sp\",\"brindes em EVA na baixada santista\",\"brindes em EVA na grande S\u00e3o Paulo\",\"brindes em EVA na Regi\u00e3o Metropolitana\",\"brindes em EVA na Vila Carr\u00e3o\",\"brindes em EVA na Vila Matilde\",\"brindes em EVA na zona leste\",\"brindes em EVA na zona norte\",\"brindes em EVA na zona oeste\",\"brindes em EVA na zona sul\",\"brindes em EVA no ABC\",\"brindes em EVA no ABCD\",\"brindes em EVA no centro\",\"brindes em EVA no grande ABC\",\"brindes em EVA no litoral paulista\",\"brindes em EVA no Tatuap\u00e9\",\"brindes em EVA onde encontrar\",\"brindes em EVA personalizados\",\"brindes em EVA perto de mim\",\"brindes em EVA pre\u00e7o\",\"brindes em EVA pr\u00f3ximo a mim\",\"brindes empresariais personalizados\",\"brindes para congressos empresariais\",\"brindes para conven\u00e7\u00f5es de empresas\",\"brindes para feiras corporativas\",\"brindes personalizados para empresas\",\"brindes personalizados para eventos\",\"brindes personalizados sob medida\",\"cases corporativos personalizados\",\"cases personalizados em eva\",\"como criar brindes personalizados para eventos?\",\"como escolher brindes corporativos personalizados?\",\"como escolher brindes para feiras e congressos?\",\"como personalizar brindes para empresas?\",\"como s\u00e3o produzidos cases em EVA?\",\"como solicitar brindes personalizados sob medida?\",\"empresa de brindes corporativos personalizados\",\"empresa de brindes em EVA\",\"f\u00e1brica de brindes corporativos personalizados\",\"f\u00e1brica de brindes em EVA\",\"fabricante de brindes corporativos personalizados\",\"fabricante de brindes em EVA\",\"fabricante de brindes personalizados\",\"fabricante de produtos em EVA\",\"fornecedor de brindes corporativos personalizados\",\"fornecedor de brindes em EVA\",\"frasqueiras personalizadas\",\"maletas personalizadas para empresas\",\"n\u00e9cessaires personalizadas para empresas\",\"o que s\u00e3o brindes personalizados em EVA?\",\"onde comprar brindes corporativos personalizados?\",\"onde fabricar cases personalizados em EVA?\",\"onde fabricar necessaires personalizadas para empresas?\",\"por que investir em brindes corporativos personalizados?\",\"produtos personalizados em EVA\",\"quais brindes distribuir em eventos corporativos?\",\"quais brindes personalizados s\u00e3o mais \u00fateis?\",\"quais empresas usam brindes corporativos personalizados?\",\"quais s\u00e3o os melhores brindes personalizados para empresas?\",\"termoforma\u00e7\u00e3o em EVA\"],\"articleSection\":[\"Brindes personalizados\"],\"inLanguage\":\"pt-BR\",\"potentialAction\":[{\"@type\":\"CommentAction\",\"name\":\"Comment\",\"target\":[\"https:\/\/www.tecformeva.com.br\/blog\/brindes-corporativos-personalizados\/#respond\"]}]},{\"@type\":\"WebPage\",\"@id\":\"https:\/\/www.tecformeva.com.br\/blog\/brindes-corporativos-personalizados\/\",\"url\":\"https:\/\/www.tecformeva.com.br\/blog\/brindes-corporativos-personalizados\/\",\"name\":\"Brindes corporativos personalizados para empresas e eventos - Tecform\",\"isPartOf\":{\"@id\":\"https:\/\/www.tecformeva.com.br\/blog\/#website\"},\"primaryImageOfPage\":{\"@id\":\"https:\/\/www.tecformeva.com.br\/blog\/brindes-corporativos-personalizados\/#primaryimage\"},\"image\":{\"@id\":\"https:\/\/www.tecformeva.com.br\/blog\/brindes-corporativos-personalizados\/#primaryimage\"},\"thumbnailUrl\":\"https:\/\/www.tecformeva.com.br\/blog\/wp-content\/uploads\/2026\/08\/ChatGPT-Image-28-de-ago.-de-2026-14_29_15.png\",\"datePublished\":\"2026-08-28T17:36:50+00:00\",\"dateModified\":\"2026-08-28T17:41:11+00:00\",\"description\":\"Brindes corporativos personalizados para empresas e eventos, com op\u00e7\u00f5es em EVA, design exclusivo e fabrica\u00e7\u00e3o sob medida para cada projeto.\",\"breadcrumb\":{\"@id\":\"https:\/\/www.tecformeva.com.br\/blog\/brindes-corporativos-personalizados\/#breadcrumb\"},\"inLanguage\":\"pt-BR\",\"potentialAction\":[{\"@type\":\"ReadAction\",\"target\":[\"https:\/\/www.tecformeva.com.br\/blog\/brindes-corporativos-personalizados\/\"]}]},{\"@type\":\"ImageObject\",\"inLanguage\":\"pt-BR\",\"@id\":\"https:\/\/www.tecformeva.com.br\/blog\/brindes-corporativos-personalizados\/#primaryimage\",\"url\":\"https:\/\/www.tecformeva.com.br\/blog\/wp-content\/uploads\/2026\/08\/ChatGPT-Image-28-de-ago.-de-2026-14_29_15.png\",\"contentUrl\":\"https:\/\/www.tecformeva.com.br\/blog\/wp-content\/uploads\/2026\/08\/ChatGPT-Image-28-de-ago.-de-2026-14_29_15.png\",\"width\":1672,\"height\":941,\"caption\":\"Brindes corporativos personalizados para empresas e eventos\"},{\"@type\":\"BreadcrumbList\",\"@id\":\"https:\/\/www.tecformeva.com.br\/blog\/brindes-corporativos-personalizados\/#breadcrumb\",\"itemListElement\":[{\"@type\":\"ListItem\",\"position\":1,\"name\":\"In\u00edcio\",\"item\":\"https:\/\/www.tecformeva.com.br\/blog\/\"},{\"@type\":\"ListItem\",\"position\":2,\"name\":\"Brindes corporativos personalizados para empresas e eventos\"}]},{\"@type\":\"WebSite\",\"@id\":\"https:\/\/www.tecformeva.com.br\/blog\/#website\",\"url\":\"https:\/\/www.tecformeva.com.br\/blog\/\",\"name\":\"Tecform\",\"description\":\"Blog Tecform - tudo que voc\u00ea precisa aqui!\",\"publisher\":{\"@id\":\"https:\/\/www.tecformeva.com.br\/blog\/#organization\"},\"potentialAction\":[{\"@type\":\"SearchAction\",\"target\":{\"@type\":\"EntryPoint\",\"urlTemplate\":\"https:\/\/www.tecformeva.com.br\/blog\/?s={search_term_string}\"},\"query-input\":{\"@type\":\"PropertyValueSpecification\",\"valueRequired\":true,\"valueName\":\"search_term_string\"}}],\"inLanguage\":\"pt-BR\"},{\"@type\":\"Organization\",\"@id\":\"https:\/\/www.tecformeva.com.br\/blog\/#organization\",\"name\":\"Tecform\",\"url\":\"https:\/\/www.tecformeva.com.br\/blog\/\",\"logo\":{\"@type\":\"ImageObject\",\"inLanguage\":\"pt-BR\",\"@id\":\"https:\/\/www.tecformeva.com.br\/blog\/#\/schema\/logo\/image\/\",\"url\":\"https:\/\/www.tecformeva.com.br\/blog\/wp-content\/uploads\/2024\/05\/logo.jpg\",\"contentUrl\":\"https:\/\/www.tecformeva.com.br\/blog\/wp-content\/uploads\/2024\/05\/logo.jpg\",\"width\":164,\"height\":149,\"caption\":\"Tecform\"},\"image\":{\"@id\":\"https:\/\/www.tecformeva.com.br\/blog\/#\/schema\/logo\/image\/\"}},{\"@type\":\"Person\",\"@id\":\"https:\/\/www.tecformeva.com.br\/blog\/#\/schema\/person\/0467ce5788c48b1855d1d60c10bc8072\",\"name\":\"admin\",\"image\":{\"@type\":\"ImageObject\",\"inLanguage\":\"pt-BR\",\"@id\":\"https:\/\/secure.gravatar.com\/avatar\/3813f53848958b8842eeafda91666185a90010f65ed554379b78794cde6f234a?s=96&d=mm&r=g\",\"url\":\"https:\/\/secure.gravatar.com\/avatar\/3813f53848958b8842eeafda91666185a90010f65ed554379b78794cde6f234a?s=96&d=mm&r=g\",\"contentUrl\":\"https:\/\/secure.gravatar.com\/avatar\/3813f53848958b8842eeafda91666185a90010f65ed554379b78794cde6f234a?s=96&d=mm&r=g\",\"caption\":\"admin\"},\"sameAs\":[\"https:\/\/tecformeva.com.br\/blog\"],\"url\":\"https:\/\/www.tecformeva.com.br\/blog\/author\/admin\/\"}]}<\/script>\n<!-- \/ Yoast SEO plugin. -->","yoast_head_json":{"title":"Brindes corporativos personalizados para empresas e eventos - Tecform","description":"Brindes corporativos personalizados para empresas e eventos, com op\u00e7\u00f5es em EVA, design exclusivo e fabrica\u00e7\u00e3o sob medida para cada projeto.","robots":{"index":"index","follow":"follow","max-snippet":"max-snippet:-1","max-image-preview":"max-image-preview:large","max-video-preview":"max-video-preview:-1"},"canonical":"https:\/\/www.tecformeva.com.br\/blog\/brindes-corporativos-personalizados\/","og_locale":"pt_BR","og_type":"article","og_title":"Brindes corporativos personalizados para empresas e eventos - Tecform","og_description":"Brindes corporativos personalizados para empresas e eventos, com op\u00e7\u00f5es em EVA, design exclusivo e fabrica\u00e7\u00e3o sob medida para cada projeto.","og_url":"https:\/\/www.tecformeva.com.br\/blog\/brindes-corporativos-personalizados\/","og_site_name":"Tecform","article_published_time":"2026-08-28T17:36:50+00:00","article_modified_time":"2026-08-28T17:41:11+00:00","og_image":[{"width":1672,"height":941,"url":"https:\/\/www.tecformeva.com.br\/blog\/wp-content\/uploads\/2026\/08\/ChatGPT-Image-28-de-ago.-de-2026-14_29_15.png","type":"image\/png"}],"author":"admin","twitter_card":"summary_large_image","twitter_misc":{"Escrito por":"admin","Est. tempo de leitura":"10 minutos"},"schema":{"@context":"https:\/\/schema.org","@graph":[{"@type":"Article","@id":"https:\/\/www.tecformeva.com.br\/blog\/brindes-corporativos-personalizados\/#article","isPartOf":{"@id":"https:\/\/www.tecformeva.com.br\/blog\/brindes-corporativos-personalizados\/"},"author":{"name":"admin","@id":"https:\/\/www.tecformeva.com.br\/blog\/#\/schema\/person\/0467ce5788c48b1855d1d60c10bc8072"},"headline":"Brindes corporativos personalizados para empresas e eventos","datePublished":"2026-08-28T17:36:50+00:00","dateModified":"2026-08-28T17:41:11+00:00","mainEntityOfPage":{"@id":"https:\/\/www.tecformeva.com.br\/blog\/brindes-corporativos-personalizados\/"},"wordCount":1819,"commentCount":0,"publisher":{"@id":"https:\/\/www.tecformeva.com.br\/blog\/#organization"},"image":{"@id":"https:\/\/www.tecformeva.com.br\/blog\/brindes-corporativos-personalizados\/#primaryimage"},"thumbnailUrl":"https:\/\/www.tecformeva.com.br\/blog\/wp-content\/uploads\/2026\/08\/ChatGPT-Image-28-de-ago.-de-2026-14_29_15.png","keywords":["brindes corporativos exclusivos","brindes corporativos para eventos","brindes corporativos personalizados","brindes corporativos personalizados comprar","brindes corporativos personalizados em Diadema","brindes corporativos personalizados em Guaiauna","brindes corporativos personalizados em Guarulhos","brindes corporativos personalizados em Mau\u00e1","brindes corporativos personalizados em Osasco","brindes corporativos personalizados em Santo Andr\u00e9","brindes corporativos personalizados em S\u00e3o Bernardo","brindes corporativos personalizados em S\u00e3o Caetano","brindes corporativos personalizados em s\u00e3o paulo","brindes corporativos personalizados em sp","brindes corporativos personalizados na baixada santista","brindes corporativos personalizados na grande S\u00e3o Paulo","brindes corporativos personalizados na Regi\u00e3o Metropolitana","brindes corporativos personalizados na Vila Carr\u00e3o","brindes corporativos personalizados na Vila Matilde","brindes corporativos personalizados na zona leste","brindes corporativos personalizados na zona norte","brindes corporativos personalizados na zona oeste","brindes corporativos personalizados na zona sul","brindes corporativos personalizados no ABC","brindes corporativos personalizados no ABCD","brindes corporativos personalizados no centro","brindes corporativos personalizados no grande ABC","brindes corporativos personalizados no litoral paulista","brindes corporativos personalizados no Tatuap\u00e9","brindes corporativos personalizados onde encontrar","brindes corporativos personalizados perto de mim","brindes corporativos personalizados pre\u00e7o","brindes corporativos personalizados pr\u00f3ximo a mim","brindes em EVA comprar","brindes em EVA em Diadema","brindes em EVA em Guaiauna","brindes em EVA em Guarulhos","brindes em EVA em Mau\u00e1","brindes em EVA em Osasco","brindes em EVA em Santo Andr\u00e9","brindes em EVA em S\u00e3o Bernardo","brindes em EVA em S\u00e3o Caetano","brindes em EVA em s\u00e3o paulo","brindes em EVA em sp","brindes em EVA na baixada santista","brindes em EVA na grande S\u00e3o Paulo","brindes em EVA na Regi\u00e3o Metropolitana","brindes em EVA na Vila Carr\u00e3o","brindes em EVA na Vila Matilde","brindes em EVA na zona leste","brindes em EVA na zona norte","brindes em EVA na zona oeste","brindes em EVA na zona sul","brindes em EVA no ABC","brindes em EVA no ABCD","brindes em EVA no centro","brindes em EVA no grande ABC","brindes em EVA no litoral paulista","brindes em EVA no Tatuap\u00e9","brindes em EVA onde encontrar","brindes em EVA personalizados","brindes em EVA perto de mim","brindes em EVA pre\u00e7o","brindes em EVA pr\u00f3ximo a mim","brindes empresariais personalizados","brindes para congressos empresariais","brindes para conven\u00e7\u00f5es de empresas","brindes para feiras corporativas","brindes personalizados para empresas","brindes personalizados para eventos","brindes personalizados sob medida","cases corporativos personalizados","cases personalizados em eva","como criar brindes personalizados para eventos?","como escolher brindes corporativos personalizados?","como escolher brindes para feiras e congressos?","como personalizar brindes para empresas?","como s\u00e3o produzidos cases em EVA?","como solicitar brindes personalizados sob medida?","empresa de brindes corporativos personalizados","empresa de brindes em EVA","f\u00e1brica de brindes corporativos personalizados","f\u00e1brica de brindes em EVA","fabricante de brindes corporativos personalizados","fabricante de brindes em EVA","fabricante de brindes personalizados","fabricante de produtos em EVA","fornecedor de brindes corporativos personalizados","fornecedor de brindes em EVA","frasqueiras personalizadas","maletas personalizadas para empresas","n\u00e9cessaires personalizadas para empresas","o que s\u00e3o brindes personalizados em EVA?","onde comprar brindes corporativos personalizados?","onde fabricar cases personalizados em EVA?","onde fabricar necessaires personalizadas para empresas?","por que investir em brindes corporativos personalizados?","produtos personalizados em EVA","quais brindes distribuir em eventos corporativos?","quais brindes personalizados s\u00e3o mais \u00fateis?","quais empresas usam brindes corporativos personalizados?","quais s\u00e3o os melhores brindes personalizados para empresas?","termoforma\u00e7\u00e3o em EVA"],"articleSection":["Brindes personalizados"],"inLanguage":"pt-BR","potentialAction":[{"@type":"CommentAction","name":"Comment","target":["https:\/\/www.tecformeva.com.br\/blog\/brindes-corporativos-personalizados\/#respond"]}]},{"@type":"WebPage","@id":"https:\/\/www.tecformeva.com.br\/blog\/brindes-corporativos-personalizados\/","url":"https:\/\/www.tecformeva.com.br\/blog\/brindes-corporativos-personalizados\/","name":"Brindes corporativos personalizados para empresas e eventos - Tecform","isPartOf":{"@id":"https:\/\/www.tecformeva.com.br\/blog\/#website"},"primaryImageOfPage":{"@id":"https:\/\/www.tecformeva.com.br\/blog\/brindes-corporativos-personalizados\/#primaryimage"},"image":{"@id":"https:\/\/www.tecformeva.com.br\/blog\/brindes-corporativos-personalizados\/#primaryimage"},"thumbnailUrl":"https:\/\/www.tecformeva.com.br\/blog\/wp-content\/uploads\/2026\/08\/ChatGPT-Image-28-de-ago.-de-2026-14_29_15.png","datePublished":"2026-08-28T17:36:50+00:00","dateModified":"2026-08-28T17:41:11+00:00","description":"Brindes corporativos personalizados para empresas e eventos, com op\u00e7\u00f5es em EVA, design exclusivo e fabrica\u00e7\u00e3o sob medida para cada projeto.","breadcrumb":{"@id":"https:\/\/www.tecformeva.com.br\/blog\/brindes-corporativos-personalizados\/#breadcrumb"},"inLanguage":"pt-BR","potentialAction":[{"@type":"ReadAction","target":["https:\/\/www.tecformeva.com.br\/blog\/brindes-corporativos-personalizados\/"]}]},{"@type":"ImageObject","inLanguage":"pt-BR","@id":"https:\/\/www.tecformeva.com.br\/blog\/brindes-corporativos-personalizados\/#primaryimage","url":"https:\/\/www.tecformeva.com.br\/blog\/wp-content\/uploads\/2026\/08\/ChatGPT-Image-28-de-ago.-de-2026-14_29_15.png","contentUrl":"https:\/\/www.tecformeva.com.br\/blog\/wp-content\/uploads\/2026\/08\/ChatGPT-Image-28-de-ago.-de-2026-14_29_15.png","width":1672,"height":941,"caption":"Brindes corporativos personalizados para empresas e eventos"},{"@type":"BreadcrumbList","@id":"https:\/\/www.tecformeva.com.br\/blog\/brindes-corporativos-personalizados\/#breadcrumb","itemListElement":[{"@type":"ListItem","position":1,"name":"In\u00edcio","item":"https:\/\/www.tecformeva.com.br\/blog\/"},{"@type":"ListItem","position":2,"name":"Brindes corporativos personalizados para empresas e eventos"}]},{"@type":"WebSite","@id":"https:\/\/www.tecformeva.com.br\/blog\/#website","url":"https:\/\/www.tecformeva.com.br\/blog\/","name":"Tecform","description":"Blog Tecform - tudo que voc\u00ea precisa aqui!","publisher":{"@id":"https:\/\/www.tecformeva.com.br\/blog\/#organization"},"potentialAction":[{"@type":"SearchAction","target":{"@type":"EntryPoint","urlTemplate":"https:\/\/www.tecformeva.com.br\/blog\/?s={search_term_string}"},"query-input":{"@type":"PropertyValueSpecification","valueRequired":true,"valueName":"search_term_string"}}],"inLanguage":"pt-BR"},{"@type":"Organization","@id":"https:\/\/www.tecformeva.com.br\/blog\/#organization","name":"Tecform","url":"https:\/\/www.tecformeva.com.br\/blog\/","logo":{"@type":"ImageObject","inLanguage":"pt-BR","@id":"https:\/\/www.tecformeva.com.br\/blog\/#\/schema\/logo\/image\/","url":"https:\/\/www.tecformeva.com.br\/blog\/wp-content\/uploads\/2024\/05\/logo.jpg","contentUrl":"https:\/\/www.tecformeva.com.br\/blog\/wp-content\/uploads\/2024\/05\/logo.jpg","width":164,"height":149,"caption":"Tecform"},"image":{"@id":"https:\/\/www.tecformeva.com.br\/blog\/#\/schema\/logo\/image\/"}},{"@type":"Person","@id":"https:\/\/www.tecformeva.com.br\/blog\/#\/schema\/person\/0467ce5788c48b1855d1d60c10bc8072","name":"admin","image":{"@type":"ImageObject","inLanguage":"pt-BR","@id":"https:\/\/secure.gravatar.com\/avatar\/3813f53848958b8842eeafda91666185a90010f65ed554379b78794cde6f234a?s=96&d=mm&r=g","url":"https:\/\/secure.gravatar.com\/avatar\/3813f53848958b8842eeafda91666185a90010f65ed554379b78794cde6f234a?s=96&d=mm&r=g","contentUrl":"https:\/\/secure.gravatar.com\/avatar\/3813f53848958b8842eeafda91666185a90010f65ed554379b78794cde6f234a?s=96&d=mm&r=g","caption":"admin"},"sameAs":["https:\/\/tecformeva.com.br\/blog"],"url":"https:\/\/www.tecformeva.com.br\/blog\/author\/admin\/"}]}},"_links":{"self":[{"href":"https:\/\/www.tecformeva.com.br\/blog\/wp-json\/wp\/v2\/posts\/324","targetHints":{"allow":["GET"]}}],"collection":[{"href":"https:\/\/www.tecformeva.com.br\/blog\/wp-json\/wp\/v2\/posts"}],"about":[{"href":"https:\/\/www.tecformeva.com.br\/blog\/wp-json\/wp\/v2\/types\/post"}],"author":[{"embeddable":true,"href":"https:\/\/www.tecformeva.com.br\/blog\/wp-json\/wp\/v2\/users\/1"}],"replies":[{"embeddable":true,"href":"https:\/\/www.tecformeva.com.br\/blog\/wp-json\/wp\/v2\/comments?post=324"}],"version-history":[{"count":1,"href":"https:\/\/www.tecformeva.com.br\/blog\/wp-json\/wp\/v2\/posts\/324\/revisions"}],"predecessor-version":[{"id":327,"href":"https:\/\/www.tecformeva.com.br\/blog\/wp-json\/wp\/v2\/posts\/324\/revisions\/327"}],"wp:featuredmedia":[{"embeddable":true,"href":"https:\/\/www.tecformeva.com.br\/blog\/wp-json\/wp\/v2\/media\/326"}],"wp:attachment":[{"href":"https:\/\/www.tecformeva.com.br\/blog\/wp-json\/wp\/v2\/media?parent=324"}],"wp:term":[{"taxonomy":"category","embeddable":true,"href":"https:\/\/www.tecformeva.com.br\/blog\/wp-json\/wp\/v2\/categories?post=324"},{"taxonomy":"post_tag","embeddable":true,"href":"https:\/\/www.tecformeva.com.br\/blog\/wp-json\/wp\/v2\/tags?post=324"}],"curies":[{"name":"wp","href":"https:\/\/api.w.org\/{rel}","templated":true}]}}